{"id":563,"date":"1927-01-01T23:53:43","date_gmt":"1927-01-01T22:53:43","guid":{"rendered":"http:\/\/www.archiefheesakker.nl\/?p=563"},"modified":"2009-02-20T00:23:03","modified_gmt":"2009-02-19T23:23:03","slug":"de-feijenoorder-01-januari-3","status":"publish","type":"post","link":"https:\/\/www.archiefheesakker.nl\/?p=563","title":{"rendered":"De Feijenoorder &#8211; 01 &#8211; Januari"},"content":{"rendered":"<p><img decoding=\"async\" loading=\"lazy\" class=\"alignnone\" src=\"http:\/\/www.archiefheesakker.nl\/CMS\/images\/covers\/Feij\/Feijenoorder1927-JR11-01-001-3.jpg\" alt=\"\" width=\"250\" height=\"321\" \/><\/p>\n<p>Een lekker dik nummer om het nieuwe jaar mee te beginnen, erg mooi. Het zou alleen wat samenhangender mogen. De redactie opent met een mooie bekommering over de verloren gegane wedstrijd tegen V.O.C., een wedstrijd die eigenlijk niet verloren had mogen gaan. De scheidsrechter wordt in ieder geval in niet mis te verstane bewoordingen toegezongen:<!--more--><\/p>\n<blockquote><p>Wat de leiding van den wedstrijd betreft, kunnen we niets anders dan lof toezwaaien aan dezen gewieksten arbiter. Hij trachtte met homeopathische manieren de gemoederen tot rust te brengen, doch daar voelden \u00e9n spelers \u00e9n publiek niets voor. Onbegrijpelijk. De man kent ontegenzeggenlijk de spelregels op een prikje en heeft ze ook letterlijk toegepast, dus wat wil men nog meer.Dat men zoo af en toe niet ziet wat gezien moet worden, nu ja, dat kan den beste overkomen. De man had blijkbaar erg veel last van de zonnestralen, tenminste hij maakte telkens daarop doelende grimassen, doch trots dat zag hij voortdurend meer dan ieder ander; hij strafte meermalen voor denkbeeldige overtredingen, en juist daardoor werden de spelers geprikkeld. Voor Feyenoord is het erg jammer dat zij dezen arbiter slechts een enkele keer in haar bestaan kon bewonddren, want een dergelijk leider zal zich noodgedwongen verlagen slechts om een wedstrijdje als Feyenoord &#8211; V.O.C. te leiden.<\/p><\/blockquote>\n<p>Dus&#8230;<\/p>\n<p>Vervolgens een mooi stuk van D. Hans, een Spartaan die verzocht is in dit orgaan zijn zegje te doen. Hij roemt de opkomst van het &#8216;volksvoetbal&#8217; en derhalve &#8216;volks-clubs&#8217;. Ook hij is tegen de totstandkoming van een landelijke hoofdklasse. Vervolgens een nieuwjaarsdicht van enkele pagina&#8217;s, een brief van ere-voorzitter Weber aan de NVB over wederom de invoering van een landelijke hoofdklasse. De redactie volgt gelijk maar met een stuk over beroepsvoetbal, het hield de gemoederen duidelijk nogal bezig. Ook de trainer mag zijn zegje doen, er zijn wat ingezonden stukken, daadwerkelijk een paar wedstrijdbeschouwingen en&#8230; we zijn weer toe aan een lang stuk over beroepsvoetbal, door L.A. Heesakker dit keer.<\/p>\n<p>Afgesloten wordt met twee wedstrijdverslagen van de Zwaluwen, tegen K\u00f6lner S.C. K\u00f6lner B.C. en D\u00fcsseldorfer S.C. 1899. Aan Zwaluwenzijde deden onder andere Bul Jr., Van Heel, Petterson, Barendregt en Verbeek mee.<\/p>\n<div style=\"padding-bottom:20px; padding-top:10px;\" class=\"hupso-share-buttons\"><!-- Hupso Share Buttons - http:\/\/www.hupso.com\/share\/ --><a class=\"hupso_toolbar\" href=\"http:\/\/www.hupso.com\/share\/\"><img src=\"https:\/\/static.hupso.com\/share\/buttons\/share-small.png\" style=\"border:0px; padding-top:5px; float:left;\" alt=\"Share Button\"\/><\/a><script type=\"text\/javascript\">var hupso_services_t=new Array(\"Twitter\",\"Facebook\",\"Google Plus\",\"Pinterest\",\"Linkedin\",\"Digg\",\"Reddit\");var hupso_background_t=\"#EAF4FF\";var hupso_border_t=\"#66CCFF\";var hupso_toolbar_size_t=\"small\";var hupso_twitter_via = \"archiefhees\";var hupso_image_folder_url = \"\";var hupso_twitter_via=\"archiefhees\";var hupso_url_t=\"\";var hupso_title_t=\"De Feijenoorder - 01 - Januari\";<\/script><script type=\"text\/javascript\" src=\"https:\/\/static.hupso.com\/share\/js\/share_toolbar.js\"><\/script><!-- Hupso Share Buttons --><\/div>","protected":false},"excerpt":{"rendered":"<p>Een lekker dik nummer om het nieuwe jaar mee te beginnen, erg mooi. Het zou alleen wat samenhangender mogen. De redactie opent met een mooie bekommering over de verloren gegane wedstrijd tegen V.O.C., een wedstrijd die eigenlijk niet verloren had mogen gaan. De scheidsrechter wordt in ieder geval in niet mis te verstane bewoordingen toegezongen:<\/p>\n<div style=\"padding-bottom:20px; padding-top:10px;\" class=\"hupso-share-buttons\"><!-- Hupso Share Buttons - http:\/\/www.hupso.com\/share\/ --><a class=\"hupso_toolbar\" href=\"http:\/\/www.hupso.com\/share\/\"><img src=\"https:\/\/static.hupso.com\/share\/buttons\/share-small.png\" style=\"border:0px; padding-top:5px; float:left;\" alt=\"Share Button\"\/><\/a><script type=\"text\/javascript\">var hupso_services_t=new Array(\"Twitter\",\"Facebook\",\"Google Plus\",\"Pinterest\",\"Linkedin\",\"Digg\",\"Reddit\");var hupso_background_t=\"#EAF4FF\";var hupso_border_t=\"#66CCFF\";var hupso_toolbar_size_t=\"small\";var hupso_twitter_via = \"archiefhees\";var hupso_image_folder_url = \"\";var hupso_twitter_via=\"archiefhees\";var hupso_url_t=\"\";var hupso_title_t=\"De Feijenoorder - 01 - Januari\";<\/script><script type=\"text\/javascript\" src=\"https:\/\/static.hupso.com\/share\/js\/share_toolbar.js\"><\/script><!-- Hupso Share Buttons --><\/div>","protected":false},"author":1,"featured_media":0,"comment_status":"closed","ping_status":"closed","sticky":false,"template":"","format":"standard","meta":[],"categories":[770],"tags":[772,760,422,768,759,638,187,771,669,371,372,773,767,769],"_links":{"self":[{"href":"https:\/\/www.archiefheesakker.nl\/index.php?rest_route=\/wp\/v2\/posts\/563"}],"collection":[{"href":"https:\/\/www.archiefheesakker.nl\/index.php?rest_route=\/wp\/v2\/posts"}],"about":[{"href":"https:\/\/www.archiefheesakker.nl\/index.php?rest_route=\/wp\/v2\/types\/post"}],"author":[{"embeddable":true,"href":"https:\/\/www.archiefheesakker.nl\/index.php?rest_route=\/wp\/v2\/users\/1"}],"replies":[{"embeddable":true,"href":"https:\/\/www.archiefheesakker.nl\/index.php?rest_route=%2Fwp%2Fv2%2Fcomments&post=563"}],"version-history":[{"count":2,"href":"https:\/\/www.archiefheesakker.nl\/index.php?rest_route=\/wp\/v2\/posts\/563\/revisions"}],"predecessor-version":[{"id":672,"href":"https:\/\/www.archiefheesakker.nl\/index.php?rest_route=\/wp\/v2\/posts\/563\/revisions\/672"}],"wp:attachment":[{"href":"https:\/\/www.archiefheesakker.nl\/index.php?rest_route=%2Fwp%2Fv2%2Fmedia&parent=563"}],"wp:term":[{"taxonomy":"category","embeddable":true,"href":"https:\/\/www.archiefheesakker.nl\/index.php?rest_route=%2Fwp%2Fv2%2Fcategories&post=563"},{"taxonomy":"post_tag","embeddable":true,"href":"https:\/\/www.archiefheesakker.nl\/index.php?rest_route=%2Fwp%2Fv2%2Ftags&post=563"}],"curies":[{"name":"wp","href":"https:\/\/api.w.org\/{rel}","templated":true}]}}